[{"@context":"https:\/\/schema.org\/","@type":"Article","@id":"https:\/\/www.adif.cz\/planujete-cestovat\/#Article","mainEntityOfPage":"https:\/\/www.adif.cz\/planujete-cestovat\/","headline":"Pl\u00e1nujete cestovat?","name":"Pl\u00e1nujete cestovat?","description":"Mnoho mlad\u00fdch lid\u00ed se dnes rozhoduje pro cestov\u00e1n\u00ed. Je pochopiteln\u00e9, \u017ee \u010dlov\u011bk chce za\u017e\u00edt co mo\u017en\u00e1 nejv\u00edce, ne\u017e se mu narod\u00ed d\u011bti, jeliko\u017e to s\u00a0nimi ji\u017e nep\u016fjde tak snadno. Jsou ale i rodiny, kter\u00e9 jsou v\u00edce ne\u017e r\u00e1dy za to, \u017ee mohou cestovat se sv\u00fdmi d\u011btmi a \u017ee spole\u010dn\u011b tak poznaj\u00ed mnoho zaj\u00edmav\u00fdch m\u00edst. Pokud [&hellip;]","datePublished":"2021-08-26","dateModified":"2021-08-26","author":{"@type":"Person","@id":"https:\/\/www.adif.cz\/author\/#Person","name":"","url":"https:\/\/www.adif.cz\/author\/","identifier":1,"image":{"@type":"ImageObject","@id":"https:\/\/secure.gravatar.com\/avatar\/40308b9402d145b1dc164f447b6506e9dadca8c8362c3ffb52df95e789c0fd10?s=96&d=mm&r=g","url":"https:\/\/secure.gravatar.com\/avatar\/40308b9402d145b1dc164f447b6506e9dadca8c8362c3ffb52df95e789c0fd10?s=96&d=mm&r=g","height":96,"width":96}},"publisher":{"@type":"Organization","name":"adif.cz","logo":{"@type":"ImageObject","@id":"\/logo.png","url":"\/logo.png","width":600,"height":60}},"image":{"@type":"ImageObject","@id":"https:\/\/www.adif.cz\/wp-content\/uploads\/cestov%C3%A1n%C3%AD.png","url":"https:\/\/www.adif.cz\/wp-content\/uploads\/cestov%C3%A1n%C3%AD.png","height":0,"width":0},"url":"https:\/\/www.adif.cz\/planujete-cestovat\/","about":["Cestov\u00e1n\u00ed"],"wordCount":450,"articleBody":"Mnoho mlad\u00fdch lid\u00ed se dnes rozhoduje pro cestov\u00e1n\u00ed. Je pochopiteln\u00e9, \u017ee \u010dlov\u011bk chce za\u017e\u00edt co mo\u017en\u00e1 nejv\u00edce, ne\u017e se mu narod\u00ed d\u011bti, jeliko\u017e to s\u00a0nimi ji\u017e nep\u016fjde tak snadno. Jsou ale i rodiny, kter\u00e9 jsou v\u00edce ne\u017e r\u00e1dy za to, \u017ee mohou cestovat se sv\u00fdmi d\u011btmi a \u017ee spole\u010dn\u011b tak poznaj\u00ed mnoho zaj\u00edmav\u00fdch m\u00edst. Pokud je nav\u00edc d\u011btem v\u00edce, ne\u017e 12 let, je pravd\u011bpodobn\u00e9, \u017ee si budou z\u00a0takov\u00e9ho v\u00fdletu n\u011bco pamatovat. Jestli\u017ee jsou d\u011bti mlad\u0161\u00ed, je mo\u017en\u00e9, \u017ee si na n\u011bco takov\u00e9ho v\u00a0\u017eivot\u011b nevzpomenou. Bohu\u017eel jsou ale i lid\u00e9, kte\u0159\u00ed to takhle nevid\u00ed a rad\u011bji cestuj\u00ed bez d\u011bt\u00ed.Cestovat se dnes ur\u010dit\u011b d\u00e1. Sta\u010d\u00ed je na to m\u00edt dostatek finan\u010dn\u00edch prost\u0159edk\u016f. \u010clov\u011bk si m\u016f\u017ee vybrat, zda bude cestovat s\u00e1m, nebo se sv\u00fdmi kamar\u00e1dy, proto\u017ee dnes je mo\u017en\u00e9 oboj\u00ed.\u00a0Ur\u010dit\u011b m\u00e1 smysl poznat co nejv\u00edce m\u00edst, abyste m\u011bli v\u00a0budoucnu na co vzpom\u00ednat.Pokud je ale n\u011bco, co byste m\u011bli zv\u00e1\u017eit, pak je to to, \u017ee pokud m\u00e1te drahou polovi\u010dku, nemuselo by b\u00fdt na \u0161kodu cestovat s\u00a0n\u00ed, m\u00edsto kamar\u00e1d\u016f. Ur\u010dit\u011b je na ka\u017ed\u00e9m, jak se \u010dlov\u011bk rozhodne, ale ur\u010dit\u011b by n\u011bco takov\u00e9ho m\u011blo smysl. M\u00edt spole\u010dn\u00e9 z\u00e1\u017eitky je rozhodn\u011b n\u011bco, co se do \u017eivota v\u00edce ne\u017e hod\u00ed.Jsou lid\u00e9, kte\u0159\u00ed i p\u0159esto, \u017ee maj\u00ed svou drahou polovi\u010dku, se rozhodnou cestovat sami. M\u016f\u017ee se klidn\u011b st\u00e1t, \u017ee se \u010dlov\u011bku na dan\u00e9m m\u00edst\u011b natolik zal\u00edb\u00ed, \u017ee se rozhodne na dan\u00e9m m\u00edst\u011b z\u016fstat. V\u00a0takov\u00e9m p\u0159\u00edpad\u011b bude pot\u0159eba zv\u00e1\u017eit n\u011bkter\u00e9 v\u011bci, jako je nap\u0159\u00edklad to, jak zde dostat va\u0161i drahou polovi\u010dku, pokud byste s\u00a0n\u00ed cht\u011bli nad\u00e1le b\u00fdt, nebo jak to na dan\u00e9m m\u00edst\u011b vy\u0159e\u0161it s\u00a0prac\u00ed. M\u016f\u017ee se st\u00e1t, \u017ee to nebude \u017e\u00e1dn\u00fd probl\u00e9m, ale m\u016f\u017ee se tak\u00e9 st\u00e1t, \u017ee va\u0161e drah\u00e1 polovi\u010dka nebude cht\u00edt a v\u00a0takov\u00e9m p\u0159\u00edpad\u011b se p\u0159\u00edli\u0161 mo\u017enost\u00ed nenab\u00edz\u00ed.\u00a0\u010clov\u011bk si mus\u00ed vybrat mezi \u010dlov\u011bkem, kter\u00e9ho miluje a mezi m\u00edstem, kde se mu l\u00edb\u00ed. Bohu\u017eel \u010dasto n\u011bco takov\u00e9ho kon\u010d\u00ed t\u00edm, \u017ee si \u010dlov\u011bk vybere m\u00edsto dan\u00e9ho \u010dlov\u011bka pr\u00e1v\u011b dan\u00e9 m\u00edsto.                                                                                                                                                                                                                                                                                                                                                                                        4\/5 - (7 votes)        "},{"@context":"https:\/\/schema.org\/","@type":"BreadcrumbList","itemListElement":[{"@type":"ListItem","position":1,"name":"Pl\u00e1nujete cestovat?","item":"https:\/\/www.adif.cz\/planujete-cestovat\/#breadcrumbitem"}]}]