{"@context":"https:\/\/schema.org\/","@type":"CollectionPage","@id":"https:\/\/www.adif.cz\/nakupovani\/#CollectionPage","headline":"Nakupov\u00e1n\u00ed Category","description":"","url":"https:\/\/www.adif.cz\/nakupovani\/","hasPart":[{"@type":"Article","@id":"https:\/\/www.adif.cz\/vyuzijte-reklamni-potisk-tricek-pro-dobrou-vec\/","headline":"Vyu\u017eijte reklamn\u00ed potisk tri\u010dek pro dobrou v\u011bc","url":"https:\/\/www.adif.cz\/vyuzijte-reklamni-potisk-tricek-pro-dobrou-vec\/","datePublished":"2023-09-20","dateModified":"2023-10-23","mainEntityOfPage":"https:\/\/www.adif.cz\/vyuzijte-reklamni-potisk-tricek-pro-dobrou-vec\/","author":{"@type":"Person","@id":"https:\/\/www.adif.cz\/author\/#Person","name":"","url":"https:\/\/www.adif.cz\/author\/","identifier":1,"image":{"@type":"ImageObject","@id":"https:\/\/secure.gravatar.com\/avatar\/40308b9402d145b1dc164f447b6506e9dadca8c8362c3ffb52df95e789c0fd10?s=96&d=mm&r=g","url":"https:\/\/secure.gravatar.com\/avatar\/40308b9402d145b1dc164f447b6506e9dadca8c8362c3ffb52df95e789c0fd10?s=96&d=mm&r=g","height":96,"width":96}},"publisher":{"@type":"Organization","name":"adif.cz","logo":{"@type":"ImageObject","@id":"\/logo.png","url":"\/logo.png","width":600,"height":60}},"image":{"@type":"ImageObject","@id":"https:\/\/www.adif.cz\/wp-content\/uploads\/milk-6216001_640.jpg","url":"https:\/\/www.adif.cz\/wp-content\/uploads\/milk-6216001_640.jpg","height":0,"width":0},"keywords":null},{"@type":"Article","@id":"https:\/\/www.adif.cz\/vhodny-nabytek\/","headline":"Vhodn\u00fd n\u00e1bytek","url":"https:\/\/www.adif.cz\/vhodny-nabytek\/","datePublished":"2023-09-19","dateModified":"2023-10-23","mainEntityOfPage":"https:\/\/www.adif.cz\/vhodny-nabytek\/","author":{"@type":"Person","@id":"https:\/\/www.adif.cz\/author\/#Person","name":"","url":"https:\/\/www.adif.cz\/author\/","identifier":1,"image":{"@type":"ImageObject","@id":"https:\/\/secure.gravatar.com\/avatar\/40308b9402d145b1dc164f447b6506e9dadca8c8362c3ffb52df95e789c0fd10?s=96&d=mm&r=g","url":"https:\/\/secure.gravatar.com\/avatar\/40308b9402d145b1dc164f447b6506e9dadca8c8362c3ffb52df95e789c0fd10?s=96&d=mm&r=g","height":96,"width":96}},"publisher":{"@type":"Organization","name":"adif.cz","logo":{"@type":"ImageObject","@id":"\/logo.png","url":"\/logo.png","width":600,"height":60}},"image":{"@type":"ImageObject","@id":"https:\/\/www.adif.cz\/wp-content\/uploads\/Kuchyn%C4%9B_10_1.jpg","url":"https:\/\/www.adif.cz\/wp-content\/uploads\/Kuchyn%C4%9B_10_1.jpg","height":0,"width":0},"keywords":null},{"@type":"Article","@id":"https:\/\/www.adif.cz\/proc-jsou-solarni-panely-tak-oblibene\/","headline":"Pro\u010d jsou sol\u00e1rn\u00ed panely tak obl\u00edben\u00e9?","url":"https:\/\/www.adif.cz\/proc-jsou-solarni-panely-tak-oblibene\/","datePublished":"2023-09-06","dateModified":"2023-10-06","mainEntityOfPage":"https:\/\/www.adif.cz\/proc-jsou-solarni-panely-tak-oblibene\/","author":{"@type":"Person","@id":"https:\/\/www.adif.cz\/author\/#Person","name":"","url":"https:\/\/www.adif.cz\/author\/","identifier":1,"image":{"@type":"ImageObject","@id":"https:\/\/secure.gravatar.com\/avatar\/40308b9402d145b1dc164f447b6506e9dadca8c8362c3ffb52df95e789c0fd10?s=96&d=mm&r=g","url":"https:\/\/secure.gravatar.com\/avatar\/40308b9402d145b1dc164f447b6506e9dadca8c8362c3ffb52df95e789c0fd10?s=96&d=mm&r=g","height":96,"width":96}},"publisher":{"@type":"Organization","name":"adif.cz","logo":{"@type":"ImageObject","@id":"\/logo.png","url":"\/logo.png","width":600,"height":60}},"image":{"@type":"ImageObject","@id":"https:\/\/www.adif.cz\/wp-content\/uploads\/vivint-solar-HASgVRE48KY-unsplash.jpg","url":"https:\/\/www.adif.cz\/wp-content\/uploads\/vivint-solar-HASgVRE48KY-unsplash.jpg","height":0,"width":0},"keywords":null},{"@type":"Article","@id":"https:\/\/www.adif.cz\/slunecni-bryle\/","headline":"Slune\u010dn\u00ed br\u00fdle","url":"https:\/\/www.adif.cz\/slunecni-bryle\/","datePublished":"2023-08-27","dateModified":"2023-10-31","mainEntityOfPage":"https:\/\/www.adif.cz\/slunecni-bryle\/","author":{"@type":"Person","@id":"https:\/\/www.adif.cz\/author\/#Person","name":"","url":"https:\/\/www.adif.cz\/author\/","identifier":1,"image":{"@type":"ImageObject","@id":"https:\/\/secure.gravatar.com\/avatar\/40308b9402d145b1dc164f447b6506e9dadca8c8362c3ffb52df95e789c0fd10?s=96&d=mm&r=g","url":"https:\/\/secure.gravatar.com\/avatar\/40308b9402d145b1dc164f447b6506e9dadca8c8362c3ffb52df95e789c0fd10?s=96&d=mm&r=g","height":96,"width":96}},"publisher":{"@type":"Organization","name":"adif.cz","logo":{"@type":"ImageObject","@id":"\/logo.png","url":"\/logo.png","width":600,"height":60}},"image":{"@type":"ImageObject","@id":"https:\/\/www.adif.cz\/wp-content\/uploads\/drive-516376_960_720.jpg","url":"https:\/\/www.adif.cz\/wp-content\/uploads\/drive-516376_960_720.jpg","height":0,"width":0},"keywords":null},{"@type":"Article","@id":"https:\/\/www.adif.cz\/blahodarny-napoj\/","headline":"Blahod\u00e1rn\u00fd n\u00e1poj","url":"https:\/\/www.adif.cz\/blahodarny-napoj\/","datePublished":"2023-08-27","dateModified":"2023-09-27","mainEntityOfPage":"https:\/\/www.adif.cz\/blahodarny-napoj\/","author":{"@type":"Person","@id":"https:\/\/www.adif.cz\/author\/#Person","name":"","url":"https:\/\/www.adif.cz\/author\/","identifier":1,"image":{"@type":"ImageObject","@id":"https:\/\/secure.gravatar.com\/avatar\/40308b9402d145b1dc164f447b6506e9dadca8c8362c3ffb52df95e789c0fd10?s=96&d=mm&r=g","url":"https:\/\/secure.gravatar.com\/avatar\/40308b9402d145b1dc164f447b6506e9dadca8c8362c3ffb52df95e789c0fd10?s=96&d=mm&r=g","height":96,"width":96}},"publisher":{"@type":"Organization","name":"adif.cz","logo":{"@type":"ImageObject","@id":"\/logo.png","url":"\/logo.png","width":600,"height":60}},"image":{"@type":"ImageObject","@id":"https:\/\/www.adif.cz\/wp-content\/uploads\/pexels-quang-nguyen-vinh-6871927.jpg","url":"https:\/\/www.adif.cz\/wp-content\/uploads\/pexels-quang-nguyen-vinh-6871927.jpg","height":0,"width":0},"keywords":null},{"@type":"Article","@id":"https:\/\/www.adif.cz\/kdy-bychom-do-bazenu-meli-pridat-pripravek-ph-plus\/","headline":"Kdy bychom do baz\u00e9nu m\u011bli p\u0159idat p\u0159\u00edpravek pH plus","url":"https:\/\/www.adif.cz\/kdy-bychom-do-bazenu-meli-pridat-pripravek-ph-plus\/","datePublished":"2023-08-25","dateModified":"2023-09-26","mainEntityOfPage":"https:\/\/www.adif.cz\/kdy-bychom-do-bazenu-meli-pridat-pripravek-ph-plus\/","author":{"@type":"Person","@id":"https:\/\/www.adif.cz\/author\/#Person","name":"","url":"https:\/\/www.adif.cz\/author\/","identifier":1,"image":{"@type":"ImageObject","@id":"https:\/\/secure.gravatar.com\/avatar\/40308b9402d145b1dc164f447b6506e9dadca8c8362c3ffb52df95e789c0fd10?s=96&d=mm&r=g","url":"https:\/\/secure.gravatar.com\/avatar\/40308b9402d145b1dc164f447b6506e9dadca8c8362c3ffb52df95e789c0fd10?s=96&d=mm&r=g","height":96,"width":96}},"publisher":{"@type":"Organization","name":"adif.cz","logo":{"@type":"ImageObject","@id":"\/logo.png","url":"\/logo.png","width":600,"height":60}},"image":{"@type":"ImageObject","@id":"https:\/\/www.adif.cz\/wp-content\/uploads\/bazen3_10_10_1.jpg","url":"https:\/\/www.adif.cz\/wp-content\/uploads\/bazen3_10_10_1.jpg","height":0,"width":0},"keywords":null},{"@type":"Article","@id":"https:\/\/www.adif.cz\/bublinkova-folie-netradicne\/","headline":"Bublinkov\u00e1 f\u00f3lie netradi\u010dn\u011b","url":"https:\/\/www.adif.cz\/bublinkova-folie-netradicne\/","datePublished":"2023-08-20","dateModified":"2023-09-20","mainEntityOfPage":"https:\/\/www.adif.cz\/bublinkova-folie-netradicne\/","author":{"@type":"Person","@id":"https:\/\/www.adif.cz\/author\/#Person","name":"","url":"https:\/\/www.adif.cz\/author\/","identifier":1,"image":{"@type":"ImageObject","@id":"https:\/\/secure.gravatar.com\/avatar\/40308b9402d145b1dc164f447b6506e9dadca8c8362c3ffb52df95e789c0fd10?s=96&d=mm&r=g","url":"https:\/\/secure.gravatar.com\/avatar\/40308b9402d145b1dc164f447b6506e9dadca8c8362c3ffb52df95e789c0fd10?s=96&d=mm&r=g","height":96,"width":96}},"publisher":{"@type":"Organization","name":"adif.cz","logo":{"@type":"ImageObject","@id":"\/logo.png","url":"\/logo.png","width":600,"height":60}},"image":{"@type":"ImageObject","@id":"https:\/\/www.adif.cz\/wp-content\/uploads\/scissors-1986599_640_4.jpg","url":"https:\/\/www.adif.cz\/wp-content\/uploads\/scissors-1986599_640_4.jpg","height":0,"width":0},"keywords":null},{"@type":"Article","@id":"https:\/\/www.adif.cz\/proc-radeji-klt-prepravky-nez-bedynky-ze-dreva\/","headline":"Pro\u010d rad\u011bji KLT p\u0159epravky, ne\u017e bed\u00fdnky ze d\u0159eva","url":"https:\/\/www.adif.cz\/proc-radeji-klt-prepravky-nez-bedynky-ze-dreva\/","datePublished":"2023-08-03","dateModified":"2023-10-03","mainEntityOfPage":"https:\/\/www.adif.cz\/proc-radeji-klt-prepravky-nez-bedynky-ze-dreva\/","author":{"@type":"Person","@id":"https:\/\/www.adif.cz\/author\/#Person","name":"","url":"https:\/\/www.adif.cz\/author\/","identifier":1,"image":{"@type":"ImageObject","@id":"https:\/\/secure.gravatar.com\/avatar\/40308b9402d145b1dc164f447b6506e9dadca8c8362c3ffb52df95e789c0fd10?s=96&d=mm&r=g","url":"https:\/\/secure.gravatar.com\/avatar\/40308b9402d145b1dc164f447b6506e9dadca8c8362c3ffb52df95e789c0fd10?s=96&d=mm&r=g","height":96,"width":96}},"publisher":{"@type":"Organization","name":"adif.cz","logo":{"@type":"ImageObject","@id":"\/logo.png","url":"\/logo.png","width":600,"height":60}},"image":{"@type":"ImageObject","@id":"https:\/\/www.adif.cz\/wp-content\/uploads\/vegetables-3386212_640.jpg","url":"https:\/\/www.adif.cz\/wp-content\/uploads\/vegetables-3386212_640.jpg","height":0,"width":0},"keywords":null},{"@type":"Article","@id":"https:\/\/www.adif.cz\/sex-a-muzi\/","headline":"Sex a mu\u017ei","url":"https:\/\/www.adif.cz\/sex-a-muzi\/","datePublished":"2023-07-27","dateModified":"2024-06-04","mainEntityOfPage":"https:\/\/www.adif.cz\/sex-a-muzi\/","author":{"@type":"Person","@id":"https:\/\/www.adif.cz\/author\/#Person","name":"","url":"https:\/\/www.adif.cz\/author\/","identifier":1,"image":{"@type":"ImageObject","@id":"https:\/\/secure.gravatar.com\/avatar\/40308b9402d145b1dc164f447b6506e9dadca8c8362c3ffb52df95e789c0fd10?s=96&d=mm&r=g","url":"https:\/\/secure.gravatar.com\/avatar\/40308b9402d145b1dc164f447b6506e9dadca8c8362c3ffb52df95e789c0fd10?s=96&d=mm&r=g","height":96,"width":96}},"publisher":{"@type":"Organization","name":"adif.cz","logo":{"@type":"ImageObject","@id":"\/logo.png","url":"\/logo.png","width":600,"height":60}},"image":{"@type":"ImageObject","@id":"https:\/\/www.adif.cz\/wp-content\/uploads\/people-2576110_1280_1.jpg","url":"https:\/\/www.adif.cz\/wp-content\/uploads\/people-2576110_1280_1.jpg","height":0,"width":0},"keywords":null},{"@type":"Article","@id":"https:\/\/www.adif.cz\/prevence-dekubitu\/","headline":"Prevence dekubit\u016f","url":"https:\/\/www.adif.cz\/prevence-dekubitu\/","datePublished":"2023-07-21","dateModified":"2023-09-15","mainEntityOfPage":"https:\/\/www.adif.cz\/prevence-dekubitu\/","author":{"@type":"Person","@id":"https:\/\/www.adif.cz\/author\/#Person","name":"","url":"https:\/\/www.adif.cz\/author\/","identifier":1,"image":{"@type":"ImageObject","@id":"https:\/\/secure.gravatar.com\/avatar\/40308b9402d145b1dc164f447b6506e9dadca8c8362c3ffb52df95e789c0fd10?s=96&d=mm&r=g","url":"https:\/\/secure.gravatar.com\/avatar\/40308b9402d145b1dc164f447b6506e9dadca8c8362c3ffb52df95e789c0fd10?s=96&d=mm&r=g","height":96,"width":96}},"publisher":{"@type":"Organization","name":"adif.cz","logo":{"@type":"ImageObject","@id":"\/logo.png","url":"\/logo.png","width":600,"height":60}},"image":{"@type":"ImageObject","@id":"https:\/\/www.adif.cz\/wp-content\/uploads\/alexander-grey-7PZ8Gb-pmaA-unsplash.jpg","url":"https:\/\/www.adif.cz\/wp-content\/uploads\/alexander-grey-7PZ8Gb-pmaA-unsplash.jpg","height":0,"width":0},"keywords":null}]}