{"@context":"https:\/\/schema.org\/","@type":"CollectionPage","@id":"https:\/\/www.adif.cz\/nakupovani\/#CollectionPage","headline":"Nakupov\u00e1n\u00ed Category","description":"","url":"https:\/\/www.adif.cz\/nakupovani\/","hasPart":[{"@type":"Article","@id":"https:\/\/www.adif.cz\/aby-mohli-mit-lide-sex\/","headline":"Aby mohli m\u00edt lid\u00e9 sex","url":"https:\/\/www.adif.cz\/aby-mohli-mit-lide-sex\/","datePublished":"2024-07-06","dateModified":"2024-07-06","mainEntityOfPage":"https:\/\/www.adif.cz\/aby-mohli-mit-lide-sex\/","author":{"@type":"Person","@id":"https:\/\/www.adif.cz\/author\/#Person","name":"","url":"https:\/\/www.adif.cz\/author\/","identifier":1,"image":{"@type":"ImageObject","@id":"https:\/\/secure.gravatar.com\/avatar\/40308b9402d145b1dc164f447b6506e9dadca8c8362c3ffb52df95e789c0fd10?s=96&d=mm&r=g","url":"https:\/\/secure.gravatar.com\/avatar\/40308b9402d145b1dc164f447b6506e9dadca8c8362c3ffb52df95e789c0fd10?s=96&d=mm&r=g","height":96,"width":96}},"publisher":{"@type":"Organization","name":"adif.cz","logo":{"@type":"ImageObject","@id":"\/logo.png","url":"\/logo.png","width":600,"height":60}},"image":{"@type":"ImageObject","@id":"https:\/\/www.adif.cz\/wp-content\/uploads\/eeeeeeeeeeeeeeeeeeeeeeeeeeeeeeeeeeee_9.jpg","url":"https:\/\/www.adif.cz\/wp-content\/uploads\/eeeeeeeeeeeeeeeeeeeeeeeeeeeeeeeeeeee_9.jpg","height":0,"width":0},"keywords":null},{"@type":"Article","@id":"https:\/\/www.adif.cz\/velike-palmy\/","headline":"Velik\u00e9 palmy","url":"https:\/\/www.adif.cz\/velike-palmy\/","datePublished":"2024-06-12","dateModified":"2024-06-12","mainEntityOfPage":"https:\/\/www.adif.cz\/velike-palmy\/","author":{"@type":"Person","@id":"https:\/\/www.adif.cz\/author\/#Person","name":"","url":"https:\/\/www.adif.cz\/author\/","identifier":1,"image":{"@type":"ImageObject","@id":"https:\/\/secure.gravatar.com\/avatar\/40308b9402d145b1dc164f447b6506e9dadca8c8362c3ffb52df95e789c0fd10?s=96&d=mm&r=g","url":"https:\/\/secure.gravatar.com\/avatar\/40308b9402d145b1dc164f447b6506e9dadca8c8362c3ffb52df95e789c0fd10?s=96&d=mm&r=g","height":96,"width":96}},"publisher":{"@type":"Organization","name":"adif.cz","logo":{"@type":"ImageObject","@id":"\/logo.png","url":"\/logo.png","width":600,"height":60}},"image":{"@type":"ImageObject","@id":"https:\/\/www.adif.cz\/wp-content\/uploads\/plant-4648611_1280.jpg","url":"https:\/\/www.adif.cz\/wp-content\/uploads\/plant-4648611_1280.jpg","height":0,"width":0},"keywords":null},{"@type":"Article","@id":"https:\/\/www.adif.cz\/klice-ma-kazdy\/","headline":"Kl\u00ed\u010de m\u00e1 ka\u017ed\u00fd","url":"https:\/\/www.adif.cz\/klice-ma-kazdy\/","datePublished":"2024-04-13","dateModified":"2024-05-13","mainEntityOfPage":"https:\/\/www.adif.cz\/klice-ma-kazdy\/","author":{"@type":"Person","@id":"https:\/\/www.adif.cz\/author\/#Person","name":"","url":"https:\/\/www.adif.cz\/author\/","identifier":1,"image":{"@type":"ImageObject","@id":"https:\/\/secure.gravatar.com\/avatar\/40308b9402d145b1dc164f447b6506e9dadca8c8362c3ffb52df95e789c0fd10?s=96&d=mm&r=g","url":"https:\/\/secure.gravatar.com\/avatar\/40308b9402d145b1dc164f447b6506e9dadca8c8362c3ffb52df95e789c0fd10?s=96&d=mm&r=g","height":96,"width":96}},"publisher":{"@type":"Organization","name":"adif.cz","logo":{"@type":"ImageObject","@id":"\/logo.png","url":"\/logo.png","width":600,"height":60}},"image":{"@type":"ImageObject","@id":"https:\/\/www.adif.cz\/wp-content\/uploads\/key-2148476_640_2.jpg","url":"https:\/\/www.adif.cz\/wp-content\/uploads\/key-2148476_640_2.jpg","height":0,"width":0},"keywords":null},{"@type":"Article","@id":"https:\/\/www.adif.cz\/pomocnik-kolagen\/","headline":"Pomocn\u00edk kolagen","url":"https:\/\/www.adif.cz\/pomocnik-kolagen\/","datePublished":"2024-03-17","dateModified":"2024-04-17","mainEntityOfPage":"https:\/\/www.adif.cz\/pomocnik-kolagen\/","author":{"@type":"Person","@id":"https:\/\/www.adif.cz\/author\/#Person","name":"","url":"https:\/\/www.adif.cz\/author\/","identifier":1,"image":{"@type":"ImageObject","@id":"https:\/\/secure.gravatar.com\/avatar\/40308b9402d145b1dc164f447b6506e9dadca8c8362c3ffb52df95e789c0fd10?s=96&d=mm&r=g","url":"https:\/\/secure.gravatar.com\/avatar\/40308b9402d145b1dc164f447b6506e9dadca8c8362c3ffb52df95e789c0fd10?s=96&d=mm&r=g","height":96,"width":96}},"publisher":{"@type":"Organization","name":"adif.cz","logo":{"@type":"ImageObject","@id":"\/logo.png","url":"\/logo.png","width":600,"height":60}},"image":{"@type":"ImageObject","@id":"https:\/\/www.adif.cz\/wp-content\/uploads\/pexels-sora-shimazaki-5938596_8.jpg","url":"https:\/\/www.adif.cz\/wp-content\/uploads\/pexels-sora-shimazaki-5938596_8.jpg","height":0,"width":0},"keywords":null},{"@type":"Article","@id":"https:\/\/www.adif.cz\/ph-vody-v-bazenu\/","headline":"PH vody v baz\u00e9nu","url":"https:\/\/www.adif.cz\/ph-vody-v-bazenu\/","datePublished":"2024-03-16","dateModified":"2024-04-16","mainEntityOfPage":"https:\/\/www.adif.cz\/ph-vody-v-bazenu\/","author":{"@type":"Person","@id":"https:\/\/www.adif.cz\/author\/#Person","name":"","url":"https:\/\/www.adif.cz\/author\/","identifier":1,"image":{"@type":"ImageObject","@id":"https:\/\/secure.gravatar.com\/avatar\/40308b9402d145b1dc164f447b6506e9dadca8c8362c3ffb52df95e789c0fd10?s=96&d=mm&r=g","url":"https:\/\/secure.gravatar.com\/avatar\/40308b9402d145b1dc164f447b6506e9dadca8c8362c3ffb52df95e789c0fd10?s=96&d=mm&r=g","height":96,"width":96}},"publisher":{"@type":"Organization","name":"adif.cz","logo":{"@type":"ImageObject","@id":"\/logo.png","url":"\/logo.png","width":600,"height":60}},"image":{"@type":"ImageObject","@id":"https:\/\/www.adif.cz\/wp-content\/uploads\/pool-3519579_1280.jpg","url":"https:\/\/www.adif.cz\/wp-content\/uploads\/pool-3519579_1280.jpg","height":0,"width":0},"keywords":null},{"@type":"Article","@id":"https:\/\/www.adif.cz\/pro-vrchol-plesove-sezony\/","headline":"Pro vrchol plesov\u00e9 sezony","url":"https:\/\/www.adif.cz\/pro-vrchol-plesove-sezony\/","datePublished":"2024-01-29","dateModified":"2024-01-29","mainEntityOfPage":"https:\/\/www.adif.cz\/pro-vrchol-plesove-sezony\/","author":{"@type":"Person","@id":"https:\/\/www.adif.cz\/author\/#Person","name":"","url":"https:\/\/www.adif.cz\/author\/","identifier":1,"image":{"@type":"ImageObject","@id":"https:\/\/secure.gravatar.com\/avatar\/40308b9402d145b1dc164f447b6506e9dadca8c8362c3ffb52df95e789c0fd10?s=96&d=mm&r=g","url":"https:\/\/secure.gravatar.com\/avatar\/40308b9402d145b1dc164f447b6506e9dadca8c8362c3ffb52df95e789c0fd10?s=96&d=mm&r=g","height":96,"width":96}},"publisher":{"@type":"Organization","name":"adif.cz","logo":{"@type":"ImageObject","@id":"\/logo.png","url":"\/logo.png","width":600,"height":60}},"image":{"@type":"ImageObject","@id":"https:\/\/www.adif.cz\/wp-content\/uploads\/dress-1146503_640_10_6.jpg","url":"https:\/\/www.adif.cz\/wp-content\/uploads\/dress-1146503_640_10_6.jpg","height":0,"width":0},"keywords":null},{"@type":"Article","@id":"https:\/\/www.adif.cz\/designovy-prvek-i-do-vaseho-domu\/","headline":"Designov\u00fd prvek i do va\u0161eho domu","url":"https:\/\/www.adif.cz\/designovy-prvek-i-do-vaseho-domu\/","datePublished":"2023-12-29","dateModified":"2024-01-30","mainEntityOfPage":"https:\/\/www.adif.cz\/designovy-prvek-i-do-vaseho-domu\/","author":{"@type":"Person","@id":"https:\/\/www.adif.cz\/author\/#Person","name":"","url":"https:\/\/www.adif.cz\/author\/","identifier":1,"image":{"@type":"ImageObject","@id":"https:\/\/secure.gravatar.com\/avatar\/40308b9402d145b1dc164f447b6506e9dadca8c8362c3ffb52df95e789c0fd10?s=96&d=mm&r=g","url":"https:\/\/secure.gravatar.com\/avatar\/40308b9402d145b1dc164f447b6506e9dadca8c8362c3ffb52df95e789c0fd10?s=96&d=mm&r=g","height":96,"width":96}},"publisher":{"@type":"Organization","name":"adif.cz","logo":{"@type":"ImageObject","@id":"\/logo.png","url":"\/logo.png","width":600,"height":60}},"image":{"@type":"ImageObject","@id":"https:\/\/www.adif.cz\/wp-content\/uploads\/pexels-gabriela-guerino-2462996.jpg","url":"https:\/\/www.adif.cz\/wp-content\/uploads\/pexels-gabriela-guerino-2462996.jpg","height":0,"width":0},"keywords":null},{"@type":"Article","@id":"https:\/\/www.adif.cz\/maca-a-jeji-prospesne-ucinky\/","headline":"Maca a jej\u00ed prosp\u011b\u0161n\u00e9 \u00fa\u010dinky","url":"https:\/\/www.adif.cz\/maca-a-jeji-prospesne-ucinky\/","datePublished":"2023-12-26","dateModified":"2024-01-29","mainEntityOfPage":"https:\/\/www.adif.cz\/maca-a-jeji-prospesne-ucinky\/","author":{"@type":"Person","@id":"https:\/\/www.adif.cz\/author\/#Person","name":"","url":"https:\/\/www.adif.cz\/author\/","identifier":1,"image":{"@type":"ImageObject","@id":"https:\/\/secure.gravatar.com\/avatar\/40308b9402d145b1dc164f447b6506e9dadca8c8362c3ffb52df95e789c0fd10?s=96&d=mm&r=g","url":"https:\/\/secure.gravatar.com\/avatar\/40308b9402d145b1dc164f447b6506e9dadca8c8362c3ffb52df95e789c0fd10?s=96&d=mm&r=g","height":96,"width":96}},"publisher":{"@type":"Organization","name":"adif.cz","logo":{"@type":"ImageObject","@id":"\/logo.png","url":"\/logo.png","width":600,"height":60}},"image":{"@type":"ImageObject","@id":"https:\/\/www.adif.cz\/wp-content\/uploads\/dario-valenzuela-PAGBeJrLiDA-unsplash.jpg","url":"https:\/\/www.adif.cz\/wp-content\/uploads\/dario-valenzuela-PAGBeJrLiDA-unsplash.jpg","height":0,"width":0},"keywords":null},{"@type":"Article","@id":"https:\/\/www.adif.cz\/za-sportem-s-telefonem\/","headline":"Za sportem s telefonem","url":"https:\/\/www.adif.cz\/za-sportem-s-telefonem\/","datePublished":"2023-10-23","dateModified":"2023-10-23","mainEntityOfPage":"https:\/\/www.adif.cz\/za-sportem-s-telefonem\/","author":{"@type":"Person","@id":"https:\/\/www.adif.cz\/author\/#Person","name":"","url":"https:\/\/www.adif.cz\/author\/","identifier":1,"image":{"@type":"ImageObject","@id":"https:\/\/secure.gravatar.com\/avatar\/40308b9402d145b1dc164f447b6506e9dadca8c8362c3ffb52df95e789c0fd10?s=96&d=mm&r=g","url":"https:\/\/secure.gravatar.com\/avatar\/40308b9402d145b1dc164f447b6506e9dadca8c8362c3ffb52df95e789c0fd10?s=96&d=mm&r=g","height":96,"width":96}},"publisher":{"@type":"Organization","name":"adif.cz","logo":{"@type":"ImageObject","@id":"\/logo.png","url":"\/logo.png","width":600,"height":60}},"image":{"@type":"ImageObject","@id":"https:\/\/www.adif.cz\/wp-content\/uploads\/pexels-william-choquette-1954524_4.jpg","url":"https:\/\/www.adif.cz\/wp-content\/uploads\/pexels-william-choquette-1954524_4.jpg","height":0,"width":0},"keywords":null},{"@type":"Article","@id":"https:\/\/www.adif.cz\/bublinova-folie-pruvodcem-vasi-dovolene\/","headline":"Bublinov\u00e1 f\u00f3lie pr\u016fvodcem va\u0161\u00ed dovolen\u00e9","url":"https:\/\/www.adif.cz\/bublinova-folie-pruvodcem-vasi-dovolene\/","datePublished":"2023-09-20","dateModified":"2023-10-23","mainEntityOfPage":"https:\/\/www.adif.cz\/bublinova-folie-pruvodcem-vasi-dovolene\/","author":{"@type":"Person","@id":"https:\/\/www.adif.cz\/author\/#Person","name":"","url":"https:\/\/www.adif.cz\/author\/","identifier":1,"image":{"@type":"ImageObject","@id":"https:\/\/secure.gravatar.com\/avatar\/40308b9402d145b1dc164f447b6506e9dadca8c8362c3ffb52df95e789c0fd10?s=96&d=mm&r=g","url":"https:\/\/secure.gravatar.com\/avatar\/40308b9402d145b1dc164f447b6506e9dadca8c8362c3ffb52df95e789c0fd10?s=96&d=mm&r=g","height":96,"width":96}},"publisher":{"@type":"Organization","name":"adif.cz","logo":{"@type":"ImageObject","@id":"\/logo.png","url":"\/logo.png","width":600,"height":60}},"image":{"@type":"ImageObject","@id":"https:\/\/www.adif.cz\/wp-content\/uploads\/packaging-2461743_640_1.jpg","url":"https:\/\/www.adif.cz\/wp-content\/uploads\/packaging-2461743_640_1.jpg","height":0,"width":0},"keywords":null}]}